{"id":1296,"date":"2022-06-29T14:12:45","date_gmt":"2022-06-29T14:12:45","guid":{"rendered":"https:\/\/angelgarcia.com.ar\/inicio\/?p=1296"},"modified":"2022-06-29T14:13:52","modified_gmt":"2022-06-29T14:13:52","slug":"queda-una-base-de-trabajo-importante","status":"publish","type":"post","link":"https:\/\/angelgarcia.com.ar\/inicio\/2022\/06\/29\/queda-una-base-de-trabajo-importante\/","title":{"rendered":"&#8220;QUEDA UNA BASE DE TRABAJO IMPORTANTE&#8221;"},"content":{"rendered":"\n<p>As\u00ed lo asegur\u00f3 el flamante Defensor Adjunto de Ambiente y Asociaciones Civiles en la Defensor\u00eda del Pueblo Bonaerense, \u00c1ngel Garc\u00eda, al hacer un balance de los treinta meses que estuvo al frente de la Secretar\u00eda de Servicios P\u00fablicos de la Municipalidad de Quilmes. Tambi\u00e9n habl\u00f3 de su renuncia a la banca en el Concejo Deliberante y de las responsabilidades en su nuevo cargo.<\/p>\n\n\n\n<p>En di\u00e1logo con El Term\u00f3metro (FMQ 89.5), Garc\u00eda afirm\u00f3: \u201cFueron dos a\u00f1os y medio de gesti\u00f3n. Es una tarea demandante, de mucho esfuerzo, en la que con un gran equipo de trabajo llevamos adelante una&nbsp; reorganizaci\u00f3n del \u00e1rea y la puesta en funcionamiento de los servicios b\u00e1sicos que desea, necesita y quiera recibir el vecino\u201d.<\/p>\n\n\n\n<p>En ese marco, sostuvo que \u201csoy de la idea que siempre las gestiones son mejorables\u2026 la gesti\u00f3n no empieza cuando uno llega ni termina cuando uno se va. Hay que darle un valor a las gestiones con la impronta propia de cada funcionario\u201d.<\/p>\n\n\n\n<p>\u201cCreo que hicimos una muy buena tarea, sobre todo con una cuesti\u00f3n que es redundante pero que no hay que soslayar que es la pandemia que afect\u00f3 el funcionamiento del pa\u00eds, de todos los estamentos, pero que en Servicios P\u00fablicos tuvimos un enorme comportamiento de los trabajadores y trabajadoras para estar al frente en el d\u00eda a d\u00eda\u2026 y esa situaci\u00f3n demandante implica estar los siete d\u00edas de la semana, las 24 horas, atentos a todas las situaciones que se dan en el distrito y creo que cumplimos\u201d, asever\u00f3 el exsecretario al tiempo que ejemplific\u00f3: \u201cm\u00e1s all\u00e1 de un trabajo que se hizo con fondos del Gobierno Nacional en cuanto a una limpieza profunda del Arroyo Las Piedras, nosotros mantuvimos la limpieza del arroyo todos los d\u00edas y eso tuvo como conclusi\u00f3n que no hubo desbordes en los primeros treinta meses de gesti\u00f3n de la intendenta Mayra Mendoza\u201d.<\/p>\n\n\n\n<p>Asimismo, enfatiz\u00f3: &#8220;Queda una base de trabajo importante que seguramente le pondr\u00e1n su impronta y su valor agregado&#8221;.<\/p>\n\n\n\n<p>Por otra parte, se refiri\u00f3 a su renuncia a su banca en el Concejo Deliberante, que &nbsp;fue aprobada ayer en el Legislativo quilme\u00f1o: \u201cEl cargo para el que fui electo tiene una duraci\u00f3n de cinco a\u00f1os, en esta caso cuatro a\u00f1os y medio\u2026 y es incompatible con el cumplimiento otra funci\u00f3n. Esto da un ordenamiento dentro de nuestra fuerza pol\u00edtica. El mandato es hasta diciembre de 2026. Ya no iba a ejercer la funci\u00f3n de concejal para la que fui electo en 2019, y me parec\u00eda de sentido com\u00fan la renuncia\u201d.<\/p>\n\n\n\n<p>Y agreg\u00f3: \u201cel defensor adjunto no est\u00e1 habilitado a hacer pol\u00edtica partidaria. De hecho encabec\u00e9 la lista de congresales provinciales del Partido Justicialista. Y he renunciado a esa congresal\u00eda porque no se pueden ocupar cargos partidarios\u201d.<\/p>\n\n\n\n<p><strong>Defensor\u00eda del Pueblo<\/strong><\/p>\n\n\n\n<p>Al momento de hablar del trabajo en la Defensor\u00eda del Pueblo bonaerense, Garc\u00eda se\u00f1al\u00f3: \u201cla Defensor\u00eda es un organismo que va creciendo, que tuvo un fuerte impulso desde el a\u00f1o 2017 cuando asumi\u00f3 Guido Lorenzino, que es el actual Defensor del Pueblo, reelecto en diciembre\u2026 que va creciendo en la atenci\u00f3n de diferentes tem\u00e1ticas; hoy es un espacio donde recurren much\u00edsimos vecinos de toda la provincia de Buenos Aires\u201d.<\/p>\n\n\n\n<p>\u201cHay una fuerte pol\u00edtica de descentralizaci\u00f3n \u2013continu\u00f3- tenemos 53 delegaciones de la Defensor\u00eda en distintos distritos de la Provincia y viene teniendo una participaci\u00f3n activa en diferentes conflictos\u2026 Act\u00faa en diferentes tem\u00e1ticas, en mi caso particular ligado a las cuestiones ambientales y de asociaciones civiles\u201d.<\/p>\n\n\n\n<p>En ese sentido, explic\u00f3 \u201cse sancion\u00f3 la Ley 15192 de Asociaciones Civiles, que genera muchos derechos y fundamentalmente un ordenamiento de las instituciones\u2026 Y la defensor\u00eda trabaja en eso. Y en el tema ambiental, hay cerca de 300 expedientes iniciados, algunos de los cuales no son tan simples de resolver\u201d.<\/p>\n\n\n\n<p><strong>En Quilmes<\/strong><\/p>\n\n\n\n<p>Finalmente, consultado sobre su relaci\u00f3n con la gesti\u00f3n en Quilmes, no dud\u00f3 en afirmar que \u201cEn principio, no voy a dejar de ser un militante pol\u00edtico. Lo soy desde hace casi 40 a\u00f1os, desde el retorno de la democracia\u2026 Y como lo planteaba en una reuni\u00f3n-despedida con los compa\u00f1eros y compa\u00f1eras de nuestro espacio, este gobierno es nuestro, este gobierno es producto del esfuerzo de la compa\u00f1era Mayra Mendoza y tambi\u00e9n de otros muchos militantes; entre ellos, los compa\u00f1eros de Juntos por Quilmes\u2026 Entonces, estamos con el mismo entusiasmo y las mismas ganas de aportar en la discusi\u00f3n del rumbo de la gesti\u00f3n, de las acciones territoriales que se realizan\u201d.<\/p>\n\n\n\n<p>Garc\u00eda manifest\u00f3 que \u201cser\u00e1 un buen momento para que las compa\u00f1eras y compa\u00f1eros de nuestro grupo tengan un mayor protagonismo, mayor presencia\u2026 tanto en la pol\u00edtica como en la gesti\u00f3n\u2026 De cara a un 2023 que no se presenta f\u00e1cil pero que siempre hemos encarado los procesos electorales con esperanza, con la expectativa de transformar la realidad desde la pol\u00edtica\u201d.<\/p>\n\n\n\n<p>\u201cDesde luego, desde la Defensor\u00eda del Pueblo pondremos todo el esfuerzo y todo el compromiso para ayudar a los quilme\u00f1os y las quilme\u00f1as y colaborar con la gesti\u00f3n de la Intendenta\u201d, concluy\u00f3.<\/p>\n","protected":false},"excerpt":{"rendered":"<p>As\u00ed lo asegur\u00f3 el flamante Defensor Adjunto de Ambiente y Asociaciones Civiles en la Defensor\u00eda del Pueblo Bonaerense, \u00c1ngel Garc\u00eda, al hacer un balance de los treinta meses que estuvo al frente de la Secretar\u00eda de Servicios P\u00fablicos de la Municipalidad de Quilmes. Tambi\u00e9n habl\u00f3 de su renuncia a la banca en el Concejo Deliberante [&hellip;]<\/p>\n","protected":false},"author":1,"featured_media":1297,"comment_status":"open","ping_status":"closed","sticky":false,"template":"","format":"standard","meta":{"footnotes":""},"categories":[1],"tags":[],"class_list":["post-1296","post","type-post","status-publish","format-standard","has-post-thumbnail","hentry","category-actividad"],"yoast_head":"<!-- This site is optimized with the Yoast SEO plugin v27.4 - https:\/\/yoast.com\/product\/yoast-seo-wordpress\/ -->\n<title>&quot;QUEDA UNA BASE DE TRABAJO IMPORTANTE&quot; -<\/title>\n<meta name=\"robots\" content=\"index, follow, max-snippet:-1, max-image-preview:large, max-video-preview:-1\" \/>\n<link rel=\"canonical\" href=\"https:\/\/angelgarcia.com.ar\/inicio\/2022\/06\/29\/queda-una-base-de-trabajo-importante\/\" \/>\n<meta property=\"og:locale\" content=\"es_ES\" \/>\n<meta property=\"og:type\" content=\"article\" \/>\n<meta property=\"og:title\" content=\"&quot;QUEDA UNA BASE DE TRABAJO IMPORTANTE&quot; -\" \/>\n<meta property=\"og:description\" content=\"As\u00ed lo asegur\u00f3 el flamante Defensor Adjunto de Ambiente y Asociaciones Civiles en la Defensor\u00eda del Pueblo Bonaerense, \u00c1ngel Garc\u00eda, al hacer un balance de los treinta meses que estuvo al frente de la Secretar\u00eda de Servicios P\u00fablicos de la Municipalidad de Quilmes. Tambi\u00e9n habl\u00f3 de su renuncia a la banca en el Concejo Deliberante [&hellip;]\" \/>\n<meta property=\"og:url\" content=\"https:\/\/angelgarcia.com.ar\/inicio\/2022\/06\/29\/queda-una-base-de-trabajo-importante\/\" \/>\n<meta property=\"article:publisher\" content=\"https:\/\/www.facebook.com\/profile.php?id=100000035097426\" \/>\n<meta property=\"article:published_time\" content=\"2022-06-29T14:12:45+00:00\" \/>\n<meta property=\"article:modified_time\" content=\"2022-06-29T14:13:52+00:00\" \/>\n<meta property=\"og:image\" content=\"https:\/\/angelgarcia.com.ar\/inicio\/wp-content\/uploads\/2022\/06\/angel-nota.jpg\" \/>\n\t<meta property=\"og:image:width\" content=\"1134\" \/>\n\t<meta property=\"og:image:height\" content=\"1161\" \/>\n\t<meta property=\"og:image:type\" content=\"image\/jpeg\" \/>\n<meta name=\"author\" content=\"admin-vdb\" \/>\n<meta name=\"twitter:card\" content=\"summary_large_image\" \/>\n<meta name=\"twitter:creator\" content=\"@garciaangeld\" \/>\n<meta name=\"twitter:site\" content=\"@garciaangeld\" \/>\n<meta name=\"twitter:label1\" content=\"Escrito por\" \/>\n\t<meta name=\"twitter:data1\" content=\"admin-vdb\" \/>\n\t<meta name=\"twitter:label2\" content=\"Tiempo de lectura\" \/>\n\t<meta name=\"twitter:data2\" content=\"4 minutos\" \/>\n<script type=\"application\/ld+json\" class=\"yoast-schema-graph\">{\"@context\":\"https:\\\/\\\/schema.org\",\"@graph\":[{\"@type\":\"Article\",\"@id\":\"https:\\\/\\\/angelgarcia.com.ar\\\/inicio\\\/2022\\\/06\\\/29\\\/queda-una-base-de-trabajo-importante\\\/#article\",\"isPartOf\":{\"@id\":\"https:\\\/\\\/angelgarcia.com.ar\\\/inicio\\\/2022\\\/06\\\/29\\\/queda-una-base-de-trabajo-importante\\\/\"},\"author\":{\"name\":\"admin-vdb\",\"@id\":\"https:\\\/\\\/angelgarcia.com.ar\\\/inicio\\\/#\\\/schema\\\/person\\\/613913ca6876c719f22b4d8e0ac81600\"},\"headline\":\"&#8220;QUEDA UNA BASE DE TRABAJO IMPORTANTE&#8221;\",\"datePublished\":\"2022-06-29T14:12:45+00:00\",\"dateModified\":\"2022-06-29T14:13:52+00:00\",\"mainEntityOfPage\":{\"@id\":\"https:\\\/\\\/angelgarcia.com.ar\\\/inicio\\\/2022\\\/06\\\/29\\\/queda-una-base-de-trabajo-importante\\\/\"},\"wordCount\":899,\"commentCount\":0,\"image\":{\"@id\":\"https:\\\/\\\/angelgarcia.com.ar\\\/inicio\\\/2022\\\/06\\\/29\\\/queda-una-base-de-trabajo-importante\\\/#primaryimage\"},\"thumbnailUrl\":\"https:\\\/\\\/angelgarcia.com.ar\\\/inicio\\\/wp-content\\\/uploads\\\/2022\\\/06\\\/angel-nota.jpg\",\"articleSection\":[\"ACTIVIDAD\"],\"inLanguage\":\"es\",\"potentialAction\":[{\"@type\":\"CommentAction\",\"name\":\"Comment\",\"target\":[\"https:\\\/\\\/angelgarcia.com.ar\\\/inicio\\\/2022\\\/06\\\/29\\\/queda-una-base-de-trabajo-importante\\\/#respond\"]}]},{\"@type\":\"WebPage\",\"@id\":\"https:\\\/\\\/angelgarcia.com.ar\\\/inicio\\\/2022\\\/06\\\/29\\\/queda-una-base-de-trabajo-importante\\\/\",\"url\":\"https:\\\/\\\/angelgarcia.com.ar\\\/inicio\\\/2022\\\/06\\\/29\\\/queda-una-base-de-trabajo-importante\\\/\",\"name\":\"\\\"QUEDA UNA BASE DE TRABAJO IMPORTANTE\\\" -\",\"isPartOf\":{\"@id\":\"https:\\\/\\\/angelgarcia.com.ar\\\/inicio\\\/#website\"},\"primaryImageOfPage\":{\"@id\":\"https:\\\/\\\/angelgarcia.com.ar\\\/inicio\\\/2022\\\/06\\\/29\\\/queda-una-base-de-trabajo-importante\\\/#primaryimage\"},\"image\":{\"@id\":\"https:\\\/\\\/angelgarcia.com.ar\\\/inicio\\\/2022\\\/06\\\/29\\\/queda-una-base-de-trabajo-importante\\\/#primaryimage\"},\"thumbnailUrl\":\"https:\\\/\\\/angelgarcia.com.ar\\\/inicio\\\/wp-content\\\/uploads\\\/2022\\\/06\\\/angel-nota.jpg\",\"datePublished\":\"2022-06-29T14:12:45+00:00\",\"dateModified\":\"2022-06-29T14:13:52+00:00\",\"author\":{\"@id\":\"https:\\\/\\\/angelgarcia.com.ar\\\/inicio\\\/#\\\/schema\\\/person\\\/613913ca6876c719f22b4d8e0ac81600\"},\"breadcrumb\":{\"@id\":\"https:\\\/\\\/angelgarcia.com.ar\\\/inicio\\\/2022\\\/06\\\/29\\\/queda-una-base-de-trabajo-importante\\\/#breadcrumb\"},\"inLanguage\":\"es\",\"potentialAction\":[{\"@type\":\"ReadAction\",\"target\":[\"https:\\\/\\\/angelgarcia.com.ar\\\/inicio\\\/2022\\\/06\\\/29\\\/queda-una-base-de-trabajo-importante\\\/\"]}]},{\"@type\":\"ImageObject\",\"inLanguage\":\"es\",\"@id\":\"https:\\\/\\\/angelgarcia.com.ar\\\/inicio\\\/2022\\\/06\\\/29\\\/queda-una-base-de-trabajo-importante\\\/#primaryimage\",\"url\":\"https:\\\/\\\/angelgarcia.com.ar\\\/inicio\\\/wp-content\\\/uploads\\\/2022\\\/06\\\/angel-nota.jpg\",\"contentUrl\":\"https:\\\/\\\/angelgarcia.com.ar\\\/inicio\\\/wp-content\\\/uploads\\\/2022\\\/06\\\/angel-nota.jpg\",\"width\":1134,\"height\":1161},{\"@type\":\"BreadcrumbList\",\"@id\":\"https:\\\/\\\/angelgarcia.com.ar\\\/inicio\\\/2022\\\/06\\\/29\\\/queda-una-base-de-trabajo-importante\\\/#breadcrumb\",\"itemListElement\":[{\"@type\":\"ListItem\",\"position\":1,\"name\":\"Portada\",\"item\":\"https:\\\/\\\/angelgarcia.com.ar\\\/inicio\\\/\"},{\"@type\":\"ListItem\",\"position\":2,\"name\":\"&#8220;QUEDA UNA BASE DE TRABAJO IMPORTANTE&#8221;\"}]},{\"@type\":\"WebSite\",\"@id\":\"https:\\\/\\\/angelgarcia.com.ar\\\/inicio\\\/#website\",\"url\":\"https:\\\/\\\/angelgarcia.com.ar\\\/inicio\\\/\",\"name\":\"\",\"description\":\"\",\"potentialAction\":[{\"@type\":\"SearchAction\",\"target\":{\"@type\":\"EntryPoint\",\"urlTemplate\":\"https:\\\/\\\/angelgarcia.com.ar\\\/inicio\\\/?s={search_term_string}\"},\"query-input\":{\"@type\":\"PropertyValueSpecification\",\"valueRequired\":true,\"valueName\":\"search_term_string\"}}],\"inLanguage\":\"es\"},{\"@type\":\"Person\",\"@id\":\"https:\\\/\\\/angelgarcia.com.ar\\\/inicio\\\/#\\\/schema\\\/person\\\/613913ca6876c719f22b4d8e0ac81600\",\"name\":\"admin-vdb\",\"image\":{\"@type\":\"ImageObject\",\"inLanguage\":\"es\",\"@id\":\"https:\\\/\\\/secure.gravatar.com\\\/avatar\\\/a3bc68f4d20ac4e6b7246c64d9145e8058210e47d2e69a742e867048c31c224f?s=96&d=mm&r=g\",\"url\":\"https:\\\/\\\/secure.gravatar.com\\\/avatar\\\/a3bc68f4d20ac4e6b7246c64d9145e8058210e47d2e69a742e867048c31c224f?s=96&d=mm&r=g\",\"contentUrl\":\"https:\\\/\\\/secure.gravatar.com\\\/avatar\\\/a3bc68f4d20ac4e6b7246c64d9145e8058210e47d2e69a742e867048c31c224f?s=96&d=mm&r=g\",\"caption\":\"admin-vdb\"},\"sameAs\":[\"https:\\\/\\\/angelgarcia.com.ar\\\/inicio\"],\"url\":\"https:\\\/\\\/angelgarcia.com.ar\\\/inicio\\\/author\\\/admin-vdb\\\/\"}]}<\/script>\n<!-- \/ Yoast SEO plugin. -->","yoast_head_json":{"title":"\"QUEDA UNA BASE DE TRABAJO IMPORTANTE\" -","robots":{"index":"index","follow":"follow","max-snippet":"max-snippet:-1","max-image-preview":"max-image-preview:large","max-video-preview":"max-video-preview:-1"},"canonical":"https:\/\/angelgarcia.com.ar\/inicio\/2022\/06\/29\/queda-una-base-de-trabajo-importante\/","og_locale":"es_ES","og_type":"article","og_title":"\"QUEDA UNA BASE DE TRABAJO IMPORTANTE\" -","og_description":"As\u00ed lo asegur\u00f3 el flamante Defensor Adjunto de Ambiente y Asociaciones Civiles en la Defensor\u00eda del Pueblo Bonaerense, \u00c1ngel Garc\u00eda, al hacer un balance de los treinta meses que estuvo al frente de la Secretar\u00eda de Servicios P\u00fablicos de la Municipalidad de Quilmes. Tambi\u00e9n habl\u00f3 de su renuncia a la banca en el Concejo Deliberante [&hellip;]","og_url":"https:\/\/angelgarcia.com.ar\/inicio\/2022\/06\/29\/queda-una-base-de-trabajo-importante\/","article_publisher":"https:\/\/www.facebook.com\/profile.php?id=100000035097426","article_published_time":"2022-06-29T14:12:45+00:00","article_modified_time":"2022-06-29T14:13:52+00:00","og_image":[{"width":1134,"height":1161,"url":"https:\/\/angelgarcia.com.ar\/inicio\/wp-content\/uploads\/2022\/06\/angel-nota.jpg","type":"image\/jpeg"}],"author":"admin-vdb","twitter_card":"summary_large_image","twitter_creator":"@garciaangeld","twitter_site":"@garciaangeld","twitter_misc":{"Escrito por":"admin-vdb","Tiempo de lectura":"4 minutos"},"schema":{"@context":"https:\/\/schema.org","@graph":[{"@type":"Article","@id":"https:\/\/angelgarcia.com.ar\/inicio\/2022\/06\/29\/queda-una-base-de-trabajo-importante\/#article","isPartOf":{"@id":"https:\/\/angelgarcia.com.ar\/inicio\/2022\/06\/29\/queda-una-base-de-trabajo-importante\/"},"author":{"name":"admin-vdb","@id":"https:\/\/angelgarcia.com.ar\/inicio\/#\/schema\/person\/613913ca6876c719f22b4d8e0ac81600"},"headline":"&#8220;QUEDA UNA BASE DE TRABAJO IMPORTANTE&#8221;","datePublished":"2022-06-29T14:12:45+00:00","dateModified":"2022-06-29T14:13:52+00:00","mainEntityOfPage":{"@id":"https:\/\/angelgarcia.com.ar\/inicio\/2022\/06\/29\/queda-una-base-de-trabajo-importante\/"},"wordCount":899,"commentCount":0,"image":{"@id":"https:\/\/angelgarcia.com.ar\/inicio\/2022\/06\/29\/queda-una-base-de-trabajo-importante\/#primaryimage"},"thumbnailUrl":"https:\/\/angelgarcia.com.ar\/inicio\/wp-content\/uploads\/2022\/06\/angel-nota.jpg","articleSection":["ACTIVIDAD"],"inLanguage":"es","potentialAction":[{"@type":"CommentAction","name":"Comment","target":["https:\/\/angelgarcia.com.ar\/inicio\/2022\/06\/29\/queda-una-base-de-trabajo-importante\/#respond"]}]},{"@type":"WebPage","@id":"https:\/\/angelgarcia.com.ar\/inicio\/2022\/06\/29\/queda-una-base-de-trabajo-importante\/","url":"https:\/\/angelgarcia.com.ar\/inicio\/2022\/06\/29\/queda-una-base-de-trabajo-importante\/","name":"\"QUEDA UNA BASE DE TRABAJO IMPORTANTE\" -","isPartOf":{"@id":"https:\/\/angelgarcia.com.ar\/inicio\/#website"},"primaryImageOfPage":{"@id":"https:\/\/angelgarcia.com.ar\/inicio\/2022\/06\/29\/queda-una-base-de-trabajo-importante\/#primaryimage"},"image":{"@id":"https:\/\/angelgarcia.com.ar\/inicio\/2022\/06\/29\/queda-una-base-de-trabajo-importante\/#primaryimage"},"thumbnailUrl":"https:\/\/angelgarcia.com.ar\/inicio\/wp-content\/uploads\/2022\/06\/angel-nota.jpg","datePublished":"2022-06-29T14:12:45+00:00","dateModified":"2022-06-29T14:13:52+00:00","author":{"@id":"https:\/\/angelgarcia.com.ar\/inicio\/#\/schema\/person\/613913ca6876c719f22b4d8e0ac81600"},"breadcrumb":{"@id":"https:\/\/angelgarcia.com.ar\/inicio\/2022\/06\/29\/queda-una-base-de-trabajo-importante\/#breadcrumb"},"inLanguage":"es","potentialAction":[{"@type":"ReadAction","target":["https:\/\/angelgarcia.com.ar\/inicio\/2022\/06\/29\/queda-una-base-de-trabajo-importante\/"]}]},{"@type":"ImageObject","inLanguage":"es","@id":"https:\/\/angelgarcia.com.ar\/inicio\/2022\/06\/29\/queda-una-base-de-trabajo-importante\/#primaryimage","url":"https:\/\/angelgarcia.com.ar\/inicio\/wp-content\/uploads\/2022\/06\/angel-nota.jpg","contentUrl":"https:\/\/angelgarcia.com.ar\/inicio\/wp-content\/uploads\/2022\/06\/angel-nota.jpg","width":1134,"height":1161},{"@type":"BreadcrumbList","@id":"https:\/\/angelgarcia.com.ar\/inicio\/2022\/06\/29\/queda-una-base-de-trabajo-importante\/#breadcrumb","itemListElement":[{"@type":"ListItem","position":1,"name":"Portada","item":"https:\/\/angelgarcia.com.ar\/inicio\/"},{"@type":"ListItem","position":2,"name":"&#8220;QUEDA UNA BASE DE TRABAJO IMPORTANTE&#8221;"}]},{"@type":"WebSite","@id":"https:\/\/angelgarcia.com.ar\/inicio\/#website","url":"https:\/\/angelgarcia.com.ar\/inicio\/","name":"","description":"","potentialAction":[{"@type":"SearchAction","target":{"@type":"EntryPoint","urlTemplate":"https:\/\/angelgarcia.com.ar\/inicio\/?s={search_term_string}"},"query-input":{"@type":"PropertyValueSpecification","valueRequired":true,"valueName":"search_term_string"}}],"inLanguage":"es"},{"@type":"Person","@id":"https:\/\/angelgarcia.com.ar\/inicio\/#\/schema\/person\/613913ca6876c719f22b4d8e0ac81600","name":"admin-vdb","image":{"@type":"ImageObject","inLanguage":"es","@id":"https:\/\/secure.gravatar.com\/avatar\/a3bc68f4d20ac4e6b7246c64d9145e8058210e47d2e69a742e867048c31c224f?s=96&d=mm&r=g","url":"https:\/\/secure.gravatar.com\/avatar\/a3bc68f4d20ac4e6b7246c64d9145e8058210e47d2e69a742e867048c31c224f?s=96&d=mm&r=g","contentUrl":"https:\/\/secure.gravatar.com\/avatar\/a3bc68f4d20ac4e6b7246c64d9145e8058210e47d2e69a742e867048c31c224f?s=96&d=mm&r=g","caption":"admin-vdb"},"sameAs":["https:\/\/angelgarcia.com.ar\/inicio"],"url":"https:\/\/angelgarcia.com.ar\/inicio\/author\/admin-vdb\/"}]}},"_links":{"self":[{"href":"https:\/\/angelgarcia.com.ar\/inicio\/wp-json\/wp\/v2\/posts\/1296","targetHints":{"allow":["GET"]}}],"collection":[{"href":"https:\/\/angelgarcia.com.ar\/inicio\/wp-json\/wp\/v2\/posts"}],"about":[{"href":"https:\/\/angelgarcia.com.ar\/inicio\/wp-json\/wp\/v2\/types\/post"}],"author":[{"embeddable":true,"href":"https:\/\/angelgarcia.com.ar\/inicio\/wp-json\/wp\/v2\/users\/1"}],"replies":[{"embeddable":true,"href":"https:\/\/angelgarcia.com.ar\/inicio\/wp-json\/wp\/v2\/comments?post=1296"}],"version-history":[{"count":3,"href":"https:\/\/angelgarcia.com.ar\/inicio\/wp-json\/wp\/v2\/posts\/1296\/revisions"}],"predecessor-version":[{"id":1300,"href":"https:\/\/angelgarcia.com.ar\/inicio\/wp-json\/wp\/v2\/posts\/1296\/revisions\/1300"}],"wp:featuredmedia":[{"embeddable":true,"href":"https:\/\/angelgarcia.com.ar\/inicio\/wp-json\/wp\/v2\/media\/1297"}],"wp:attachment":[{"href":"https:\/\/angelgarcia.com.ar\/inicio\/wp-json\/wp\/v2\/media?parent=1296"}],"wp:term":[{"taxonomy":"category","embeddable":true,"href":"https:\/\/angelgarcia.com.ar\/inicio\/wp-json\/wp\/v2\/categories?post=1296"},{"taxonomy":"post_tag","embeddable":true,"href":"https:\/\/angelgarcia.com.ar\/inicio\/wp-json\/wp\/v2\/tags?post=1296"}],"curies":[{"name":"wp","href":"https:\/\/api.w.org\/{rel}","templated":true}]}}