{"id":1419,"date":"2024-06-10T15:18:48","date_gmt":"2024-06-10T15:18:48","guid":{"rendered":"https:\/\/angelgarcia.com.ar\/inicio\/?p=1419"},"modified":"2024-07-15T15:21:01","modified_gmt":"2024-07-15T15:21:01","slug":"presente-en-el-homenaje-a-los-martires-de-1956","status":"publish","type":"post","link":"https:\/\/angelgarcia.com.ar\/inicio\/2024\/06\/10\/presente-en-el-homenaje-a-los-martires-de-1956\/","title":{"rendered":"PRESENTE EN EL HOMENAJE A LOS M\u00c1RTIRES DE 1956"},"content":{"rendered":"\n<p>Este 9 de Junio particip\u00e9 en un nuevo Homenaje a los M\u00e1rtires del Peronismo, que se desarroll\u00f3 en el Cementerio Municipal, recordando los fusilamientos de Jos\u00e9 Le\u00f3n Su\u00e1rez de 1956 y del General Juan Jos\u00e9 Valle, d\u00edas posteriores.<\/p>\n\n\n\n<p>Como cada a\u00f1o, nosotros presentes, con compromiso militante, con la historia como bandera, tomando el ejemplo de miles de hombres y mujeres que hicieron que el Peronismo Viva por casi 80 a\u00f1os y lo seguir\u00e1 haciendo.<\/p>\n\n\n\n<p>Muy claro mensaje del presidente honorario, el compa\u00f1ero&nbsp;<a href=\"https:\/\/www.instagram.com\/jjosemussi\/\">@jjosemussi<\/a>&nbsp;poniendo como eje la unidad por sobre todo.<\/p>\n\n\n\n<p>Tambi\u00e9n hubo palabras en representaci\u00f3n de Quilmes del compa\u00f1ero&nbsp;<a href=\"https:\/\/www.instagram.com\/gaudiorobertoar\/\">@gaudiorobertoar<\/a><br>Convocando a oponerse al gobierno de Milei.<\/p>\n","protected":false},"excerpt":{"rendered":"<p>Este 9 de Junio particip\u00e9 en un nuevo Homenaje a los M\u00e1rtires del Peronismo, que se desarroll\u00f3 en el Cementerio Municipal, recordando los fusilamientos de Jos\u00e9 Le\u00f3n Su\u00e1rez de 1956 y del General Juan Jos\u00e9 Valle, d\u00edas posteriores. Como cada a\u00f1o, nosotros presentes, con compromiso militante, con la historia como bandera, tomando el ejemplo de [&hellip;]<\/p>\n","protected":false},"author":1,"featured_media":1420,"comment_status":"open","ping_status":"closed","sticky":false,"template":"","format":"standard","meta":{"footnotes":""},"categories":[1],"tags":[],"class_list":["post-1419","post","type-post","status-publish","format-standard","has-post-thumbnail","hentry","category-actividad"],"yoast_head":"<!-- This site is optimized with the Yoast SEO plugin v27.4 - https:\/\/yoast.com\/product\/yoast-seo-wordpress\/ -->\n<title>PRESENTE EN EL HOMENAJE A LOS M\u00c1RTIRES DE 1956 -<\/title>\n<meta name=\"robots\" content=\"index, follow, max-snippet:-1, max-image-preview:large, max-video-preview:-1\" \/>\n<link rel=\"canonical\" href=\"https:\/\/angelgarcia.com.ar\/inicio\/2024\/06\/10\/presente-en-el-homenaje-a-los-martires-de-1956\/\" \/>\n<meta property=\"og:locale\" content=\"es_ES\" \/>\n<meta property=\"og:type\" content=\"article\" \/>\n<meta property=\"og:title\" content=\"PRESENTE EN EL HOMENAJE A LOS M\u00c1RTIRES DE 1956 -\" \/>\n<meta property=\"og:description\" content=\"Este 9 de Junio particip\u00e9 en un nuevo Homenaje a los M\u00e1rtires del Peronismo, que se desarroll\u00f3 en el Cementerio Municipal, recordando los fusilamientos de Jos\u00e9 Le\u00f3n Su\u00e1rez de 1956 y del General Juan Jos\u00e9 Valle, d\u00edas posteriores. Como cada a\u00f1o, nosotros presentes, con compromiso militante, con la historia como bandera, tomando el ejemplo de [&hellip;]\" \/>\n<meta property=\"og:url\" content=\"https:\/\/angelgarcia.com.ar\/inicio\/2024\/06\/10\/presente-en-el-homenaje-a-los-martires-de-1956\/\" \/>\n<meta property=\"article:publisher\" content=\"https:\/\/www.facebook.com\/profile.php?id=100000035097426\" \/>\n<meta property=\"article:published_time\" content=\"2024-06-10T15:18:48+00:00\" \/>\n<meta property=\"article:modified_time\" content=\"2024-07-15T15:21:01+00:00\" \/>\n<meta property=\"og:image\" content=\"https:\/\/angelgarcia.com.ar\/inicio\/wp-content\/uploads\/2024\/07\/448085386_8157952880882467_2038788448713600158_n.jpg\" \/>\n\t<meta property=\"og:image:width\" content=\"952\" \/>\n\t<meta property=\"og:image:height\" content=\"706\" \/>\n\t<meta property=\"og:image:type\" content=\"image\/jpeg\" \/>\n<meta name=\"author\" content=\"admin-vdb\" \/>\n<meta name=\"twitter:card\" content=\"summary_large_image\" \/>\n<meta name=\"twitter:creator\" content=\"@garciaangeld\" \/>\n<meta name=\"twitter:site\" content=\"@garciaangeld\" \/>\n<meta name=\"twitter:label1\" content=\"Escrito por\" \/>\n\t<meta name=\"twitter:data1\" content=\"admin-vdb\" \/>\n\t<meta name=\"twitter:label2\" content=\"Tiempo de lectura\" \/>\n\t<meta name=\"twitter:data2\" content=\"1 minuto\" \/>\n<script type=\"application\/ld+json\" class=\"yoast-schema-graph\">{\"@context\":\"https:\\\/\\\/schema.org\",\"@graph\":[{\"@type\":\"Article\",\"@id\":\"https:\\\/\\\/angelgarcia.com.ar\\\/inicio\\\/2024\\\/06\\\/10\\\/presente-en-el-homenaje-a-los-martires-de-1956\\\/#article\",\"isPartOf\":{\"@id\":\"https:\\\/\\\/angelgarcia.com.ar\\\/inicio\\\/2024\\\/06\\\/10\\\/presente-en-el-homenaje-a-los-martires-de-1956\\\/\"},\"author\":{\"name\":\"admin-vdb\",\"@id\":\"https:\\\/\\\/angelgarcia.com.ar\\\/inicio\\\/#\\\/schema\\\/person\\\/613913ca6876c719f22b4d8e0ac81600\"},\"headline\":\"PRESENTE EN EL HOMENAJE A LOS M\u00c1RTIRES DE 1956\",\"datePublished\":\"2024-06-10T15:18:48+00:00\",\"dateModified\":\"2024-07-15T15:21:01+00:00\",\"mainEntityOfPage\":{\"@id\":\"https:\\\/\\\/angelgarcia.com.ar\\\/inicio\\\/2024\\\/06\\\/10\\\/presente-en-el-homenaje-a-los-martires-de-1956\\\/\"},\"wordCount\":127,\"commentCount\":0,\"image\":{\"@id\":\"https:\\\/\\\/angelgarcia.com.ar\\\/inicio\\\/2024\\\/06\\\/10\\\/presente-en-el-homenaje-a-los-martires-de-1956\\\/#primaryimage\"},\"thumbnailUrl\":\"https:\\\/\\\/angelgarcia.com.ar\\\/inicio\\\/wp-content\\\/uploads\\\/2024\\\/07\\\/448085386_8157952880882467_2038788448713600158_n.jpg\",\"articleSection\":[\"ACTIVIDAD\"],\"inLanguage\":\"es\",\"potentialAction\":[{\"@type\":\"CommentAction\",\"name\":\"Comment\",\"target\":[\"https:\\\/\\\/angelgarcia.com.ar\\\/inicio\\\/2024\\\/06\\\/10\\\/presente-en-el-homenaje-a-los-martires-de-1956\\\/#respond\"]}]},{\"@type\":\"WebPage\",\"@id\":\"https:\\\/\\\/angelgarcia.com.ar\\\/inicio\\\/2024\\\/06\\\/10\\\/presente-en-el-homenaje-a-los-martires-de-1956\\\/\",\"url\":\"https:\\\/\\\/angelgarcia.com.ar\\\/inicio\\\/2024\\\/06\\\/10\\\/presente-en-el-homenaje-a-los-martires-de-1956\\\/\",\"name\":\"PRESENTE EN EL HOMENAJE A LOS M\u00c1RTIRES DE 1956 -\",\"isPartOf\":{\"@id\":\"https:\\\/\\\/angelgarcia.com.ar\\\/inicio\\\/#website\"},\"primaryImageOfPage\":{\"@id\":\"https:\\\/\\\/angelgarcia.com.ar\\\/inicio\\\/2024\\\/06\\\/10\\\/presente-en-el-homenaje-a-los-martires-de-1956\\\/#primaryimage\"},\"image\":{\"@id\":\"https:\\\/\\\/angelgarcia.com.ar\\\/inicio\\\/2024\\\/06\\\/10\\\/presente-en-el-homenaje-a-los-martires-de-1956\\\/#primaryimage\"},\"thumbnailUrl\":\"https:\\\/\\\/angelgarcia.com.ar\\\/inicio\\\/wp-content\\\/uploads\\\/2024\\\/07\\\/448085386_8157952880882467_2038788448713600158_n.jpg\",\"datePublished\":\"2024-06-10T15:18:48+00:00\",\"dateModified\":\"2024-07-15T15:21:01+00:00\",\"author\":{\"@id\":\"https:\\\/\\\/angelgarcia.com.ar\\\/inicio\\\/#\\\/schema\\\/person\\\/613913ca6876c719f22b4d8e0ac81600\"},\"breadcrumb\":{\"@id\":\"https:\\\/\\\/angelgarcia.com.ar\\\/inicio\\\/2024\\\/06\\\/10\\\/presente-en-el-homenaje-a-los-martires-de-1956\\\/#breadcrumb\"},\"inLanguage\":\"es\",\"potentialAction\":[{\"@type\":\"ReadAction\",\"target\":[\"https:\\\/\\\/angelgarcia.com.ar\\\/inicio\\\/2024\\\/06\\\/10\\\/presente-en-el-homenaje-a-los-martires-de-1956\\\/\"]}]},{\"@type\":\"ImageObject\",\"inLanguage\":\"es\",\"@id\":\"https:\\\/\\\/angelgarcia.com.ar\\\/inicio\\\/2024\\\/06\\\/10\\\/presente-en-el-homenaje-a-los-martires-de-1956\\\/#primaryimage\",\"url\":\"https:\\\/\\\/angelgarcia.com.ar\\\/inicio\\\/wp-content\\\/uploads\\\/2024\\\/07\\\/448085386_8157952880882467_2038788448713600158_n.jpg\",\"contentUrl\":\"https:\\\/\\\/angelgarcia.com.ar\\\/inicio\\\/wp-content\\\/uploads\\\/2024\\\/07\\\/448085386_8157952880882467_2038788448713600158_n.jpg\",\"width\":952,\"height\":706},{\"@type\":\"BreadcrumbList\",\"@id\":\"https:\\\/\\\/angelgarcia.com.ar\\\/inicio\\\/2024\\\/06\\\/10\\\/presente-en-el-homenaje-a-los-martires-de-1956\\\/#breadcrumb\",\"itemListElement\":[{\"@type\":\"ListItem\",\"position\":1,\"name\":\"Portada\",\"item\":\"https:\\\/\\\/angelgarcia.com.ar\\\/inicio\\\/\"},{\"@type\":\"ListItem\",\"position\":2,\"name\":\"PRESENTE EN EL HOMENAJE A LOS M\u00c1RTIRES DE 1956\"}]},{\"@type\":\"WebSite\",\"@id\":\"https:\\\/\\\/angelgarcia.com.ar\\\/inicio\\\/#website\",\"url\":\"https:\\\/\\\/angelgarcia.com.ar\\\/inicio\\\/\",\"name\":\"\",\"description\":\"\",\"potentialAction\":[{\"@type\":\"SearchAction\",\"target\":{\"@type\":\"EntryPoint\",\"urlTemplate\":\"https:\\\/\\\/angelgarcia.com.ar\\\/inicio\\\/?s={search_term_string}\"},\"query-input\":{\"@type\":\"PropertyValueSpecification\",\"valueRequired\":true,\"valueName\":\"search_term_string\"}}],\"inLanguage\":\"es\"},{\"@type\":\"Person\",\"@id\":\"https:\\\/\\\/angelgarcia.com.ar\\\/inicio\\\/#\\\/schema\\\/person\\\/613913ca6876c719f22b4d8e0ac81600\",\"name\":\"admin-vdb\",\"image\":{\"@type\":\"ImageObject\",\"inLanguage\":\"es\",\"@id\":\"https:\\\/\\\/secure.gravatar.com\\\/avatar\\\/a3bc68f4d20ac4e6b7246c64d9145e8058210e47d2e69a742e867048c31c224f?s=96&d=mm&r=g\",\"url\":\"https:\\\/\\\/secure.gravatar.com\\\/avatar\\\/a3bc68f4d20ac4e6b7246c64d9145e8058210e47d2e69a742e867048c31c224f?s=96&d=mm&r=g\",\"contentUrl\":\"https:\\\/\\\/secure.gravatar.com\\\/avatar\\\/a3bc68f4d20ac4e6b7246c64d9145e8058210e47d2e69a742e867048c31c224f?s=96&d=mm&r=g\",\"caption\":\"admin-vdb\"},\"sameAs\":[\"https:\\\/\\\/angelgarcia.com.ar\\\/inicio\"],\"url\":\"https:\\\/\\\/angelgarcia.com.ar\\\/inicio\\\/author\\\/admin-vdb\\\/\"}]}<\/script>\n<!-- \/ Yoast SEO plugin. -->","yoast_head_json":{"title":"PRESENTE EN EL HOMENAJE A LOS M\u00c1RTIRES DE 1956 -","robots":{"index":"index","follow":"follow","max-snippet":"max-snippet:-1","max-image-preview":"max-image-preview:large","max-video-preview":"max-video-preview:-1"},"canonical":"https:\/\/angelgarcia.com.ar\/inicio\/2024\/06\/10\/presente-en-el-homenaje-a-los-martires-de-1956\/","og_locale":"es_ES","og_type":"article","og_title":"PRESENTE EN EL HOMENAJE A LOS M\u00c1RTIRES DE 1956 -","og_description":"Este 9 de Junio particip\u00e9 en un nuevo Homenaje a los M\u00e1rtires del Peronismo, que se desarroll\u00f3 en el Cementerio Municipal, recordando los fusilamientos de Jos\u00e9 Le\u00f3n Su\u00e1rez de 1956 y del General Juan Jos\u00e9 Valle, d\u00edas posteriores. Como cada a\u00f1o, nosotros presentes, con compromiso militante, con la historia como bandera, tomando el ejemplo de [&hellip;]","og_url":"https:\/\/angelgarcia.com.ar\/inicio\/2024\/06\/10\/presente-en-el-homenaje-a-los-martires-de-1956\/","article_publisher":"https:\/\/www.facebook.com\/profile.php?id=100000035097426","article_published_time":"2024-06-10T15:18:48+00:00","article_modified_time":"2024-07-15T15:21:01+00:00","og_image":[{"width":952,"height":706,"url":"https:\/\/angelgarcia.com.ar\/inicio\/wp-content\/uploads\/2024\/07\/448085386_8157952880882467_2038788448713600158_n.jpg","type":"image\/jpeg"}],"author":"admin-vdb","twitter_card":"summary_large_image","twitter_creator":"@garciaangeld","twitter_site":"@garciaangeld","twitter_misc":{"Escrito por":"admin-vdb","Tiempo de lectura":"1 minuto"},"schema":{"@context":"https:\/\/schema.org","@graph":[{"@type":"Article","@id":"https:\/\/angelgarcia.com.ar\/inicio\/2024\/06\/10\/presente-en-el-homenaje-a-los-martires-de-1956\/#article","isPartOf":{"@id":"https:\/\/angelgarcia.com.ar\/inicio\/2024\/06\/10\/presente-en-el-homenaje-a-los-martires-de-1956\/"},"author":{"name":"admin-vdb","@id":"https:\/\/angelgarcia.com.ar\/inicio\/#\/schema\/person\/613913ca6876c719f22b4d8e0ac81600"},"headline":"PRESENTE EN EL HOMENAJE A LOS M\u00c1RTIRES DE 1956","datePublished":"2024-06-10T15:18:48+00:00","dateModified":"2024-07-15T15:21:01+00:00","mainEntityOfPage":{"@id":"https:\/\/angelgarcia.com.ar\/inicio\/2024\/06\/10\/presente-en-el-homenaje-a-los-martires-de-1956\/"},"wordCount":127,"commentCount":0,"image":{"@id":"https:\/\/angelgarcia.com.ar\/inicio\/2024\/06\/10\/presente-en-el-homenaje-a-los-martires-de-1956\/#primaryimage"},"thumbnailUrl":"https:\/\/angelgarcia.com.ar\/inicio\/wp-content\/uploads\/2024\/07\/448085386_8157952880882467_2038788448713600158_n.jpg","articleSection":["ACTIVIDAD"],"inLanguage":"es","potentialAction":[{"@type":"CommentAction","name":"Comment","target":["https:\/\/angelgarcia.com.ar\/inicio\/2024\/06\/10\/presente-en-el-homenaje-a-los-martires-de-1956\/#respond"]}]},{"@type":"WebPage","@id":"https:\/\/angelgarcia.com.ar\/inicio\/2024\/06\/10\/presente-en-el-homenaje-a-los-martires-de-1956\/","url":"https:\/\/angelgarcia.com.ar\/inicio\/2024\/06\/10\/presente-en-el-homenaje-a-los-martires-de-1956\/","name":"PRESENTE EN EL HOMENAJE A LOS M\u00c1RTIRES DE 1956 -","isPartOf":{"@id":"https:\/\/angelgarcia.com.ar\/inicio\/#website"},"primaryImageOfPage":{"@id":"https:\/\/angelgarcia.com.ar\/inicio\/2024\/06\/10\/presente-en-el-homenaje-a-los-martires-de-1956\/#primaryimage"},"image":{"@id":"https:\/\/angelgarcia.com.ar\/inicio\/2024\/06\/10\/presente-en-el-homenaje-a-los-martires-de-1956\/#primaryimage"},"thumbnailUrl":"https:\/\/angelgarcia.com.ar\/inicio\/wp-content\/uploads\/2024\/07\/448085386_8157952880882467_2038788448713600158_n.jpg","datePublished":"2024-06-10T15:18:48+00:00","dateModified":"2024-07-15T15:21:01+00:00","author":{"@id":"https:\/\/angelgarcia.com.ar\/inicio\/#\/schema\/person\/613913ca6876c719f22b4d8e0ac81600"},"breadcrumb":{"@id":"https:\/\/angelgarcia.com.ar\/inicio\/2024\/06\/10\/presente-en-el-homenaje-a-los-martires-de-1956\/#breadcrumb"},"inLanguage":"es","potentialAction":[{"@type":"ReadAction","target":["https:\/\/angelgarcia.com.ar\/inicio\/2024\/06\/10\/presente-en-el-homenaje-a-los-martires-de-1956\/"]}]},{"@type":"ImageObject","inLanguage":"es","@id":"https:\/\/angelgarcia.com.ar\/inicio\/2024\/06\/10\/presente-en-el-homenaje-a-los-martires-de-1956\/#primaryimage","url":"https:\/\/angelgarcia.com.ar\/inicio\/wp-content\/uploads\/2024\/07\/448085386_8157952880882467_2038788448713600158_n.jpg","contentUrl":"https:\/\/angelgarcia.com.ar\/inicio\/wp-content\/uploads\/2024\/07\/448085386_8157952880882467_2038788448713600158_n.jpg","width":952,"height":706},{"@type":"BreadcrumbList","@id":"https:\/\/angelgarcia.com.ar\/inicio\/2024\/06\/10\/presente-en-el-homenaje-a-los-martires-de-1956\/#breadcrumb","itemListElement":[{"@type":"ListItem","position":1,"name":"Portada","item":"https:\/\/angelgarcia.com.ar\/inicio\/"},{"@type":"ListItem","position":2,"name":"PRESENTE EN EL HOMENAJE A LOS M\u00c1RTIRES DE 1956"}]},{"@type":"WebSite","@id":"https:\/\/angelgarcia.com.ar\/inicio\/#website","url":"https:\/\/angelgarcia.com.ar\/inicio\/","name":"","description":"","potentialAction":[{"@type":"SearchAction","target":{"@type":"EntryPoint","urlTemplate":"https:\/\/angelgarcia.com.ar\/inicio\/?s={search_term_string}"},"query-input":{"@type":"PropertyValueSpecification","valueRequired":true,"valueName":"search_term_string"}}],"inLanguage":"es"},{"@type":"Person","@id":"https:\/\/angelgarcia.com.ar\/inicio\/#\/schema\/person\/613913ca6876c719f22b4d8e0ac81600","name":"admin-vdb","image":{"@type":"ImageObject","inLanguage":"es","@id":"https:\/\/secure.gravatar.com\/avatar\/a3bc68f4d20ac4e6b7246c64d9145e8058210e47d2e69a742e867048c31c224f?s=96&d=mm&r=g","url":"https:\/\/secure.gravatar.com\/avatar\/a3bc68f4d20ac4e6b7246c64d9145e8058210e47d2e69a742e867048c31c224f?s=96&d=mm&r=g","contentUrl":"https:\/\/secure.gravatar.com\/avatar\/a3bc68f4d20ac4e6b7246c64d9145e8058210e47d2e69a742e867048c31c224f?s=96&d=mm&r=g","caption":"admin-vdb"},"sameAs":["https:\/\/angelgarcia.com.ar\/inicio"],"url":"https:\/\/angelgarcia.com.ar\/inicio\/author\/admin-vdb\/"}]}},"_links":{"self":[{"href":"https:\/\/angelgarcia.com.ar\/inicio\/wp-json\/wp\/v2\/posts\/1419","targetHints":{"allow":["GET"]}}],"collection":[{"href":"https:\/\/angelgarcia.com.ar\/inicio\/wp-json\/wp\/v2\/posts"}],"about":[{"href":"https:\/\/angelgarcia.com.ar\/inicio\/wp-json\/wp\/v2\/types\/post"}],"author":[{"embeddable":true,"href":"https:\/\/angelgarcia.com.ar\/inicio\/wp-json\/wp\/v2\/users\/1"}],"replies":[{"embeddable":true,"href":"https:\/\/angelgarcia.com.ar\/inicio\/wp-json\/wp\/v2\/comments?post=1419"}],"version-history":[{"count":1,"href":"https:\/\/angelgarcia.com.ar\/inicio\/wp-json\/wp\/v2\/posts\/1419\/revisions"}],"predecessor-version":[{"id":1421,"href":"https:\/\/angelgarcia.com.ar\/inicio\/wp-json\/wp\/v2\/posts\/1419\/revisions\/1421"}],"wp:featuredmedia":[{"embeddable":true,"href":"https:\/\/angelgarcia.com.ar\/inicio\/wp-json\/wp\/v2\/media\/1420"}],"wp:attachment":[{"href":"https:\/\/angelgarcia.com.ar\/inicio\/wp-json\/wp\/v2\/media?parent=1419"}],"wp:term":[{"taxonomy":"category","embeddable":true,"href":"https:\/\/angelgarcia.com.ar\/inicio\/wp-json\/wp\/v2\/categories?post=1419"},{"taxonomy":"post_tag","embeddable":true,"href":"https:\/\/angelgarcia.com.ar\/inicio\/wp-json\/wp\/v2\/tags?post=1419"}],"curies":[{"name":"wp","href":"https:\/\/api.w.org\/{rel}","templated":true}]}}