{"id":1470,"date":"2024-08-23T23:06:09","date_gmt":"2024-08-23T23:06:09","guid":{"rendered":"https:\/\/angelgarcia.com.ar\/inicio\/?p=1470"},"modified":"2024-08-25T23:10:03","modified_gmt":"2024-08-25T23:10:03","slug":"en-el-descubrimiento-de-evita-en-el-barrio-los-eucaliptus-de-solano","status":"publish","type":"post","link":"https:\/\/angelgarcia.com.ar\/inicio\/2024\/08\/23\/en-el-descubrimiento-de-evita-en-el-barrio-los-eucaliptus-de-solano\/","title":{"rendered":"EN EL DESCUBRIMIENTO DE EVITA EN EL BARRIO LOS EUCALIPTUS DE SOLANO"},"content":{"rendered":"\n<p>Particip\u00e9 del Acto en la Plaza Ara General Belgrano, en el barrio Los Eucaliptus de San Francisco Solano, del descubrimiento del Busto de Mar\u00eda Eva Duarte de Per\u00f3n, para el Pueblo, simplemente EVITA.<\/p>\n\n\n\n<p>Organizado por hist\u00f3ricos militantes peronistas de la zona, varios de los participantes integrantes de&nbsp;<a href=\"https:\/\/www.instagram.com\/juntos.por.quilmes\/\">@juntos.por.quilmes<\/a>&nbsp;y la Comisi\u00f3n Permanente de Homenaje, en un d\u00eda muy fr\u00edo y lluvioso, pero con calor y alegr\u00eda peronista, nunca deja de ser emocionante recordar a Evita y particularmente un 22 de Agosto, fecha emblema para nuestra historia.<\/p>\n","protected":false},"excerpt":{"rendered":"<p>Particip\u00e9 del Acto en la Plaza Ara General Belgrano, en el barrio Los Eucaliptus de San Francisco Solano, del descubrimiento del Busto de Mar\u00eda Eva Duarte de Per\u00f3n, para el Pueblo, simplemente EVITA. Organizado por hist\u00f3ricos militantes peronistas de la zona, varios de los participantes integrantes de&nbsp;@juntos.por.quilmes&nbsp;y la Comisi\u00f3n Permanente de Homenaje, en un d\u00eda [&hellip;]<\/p>\n","protected":false},"author":1,"featured_media":1471,"comment_status":"open","ping_status":"closed","sticky":false,"template":"","format":"standard","meta":{"footnotes":""},"categories":[1],"tags":[],"class_list":["post-1470","post","type-post","status-publish","format-standard","has-post-thumbnail","hentry","category-actividad"],"yoast_head":"<!-- This site is optimized with the Yoast SEO plugin v27.4 - https:\/\/yoast.com\/product\/yoast-seo-wordpress\/ -->\n<title>EN EL DESCUBRIMIENTO DE EVITA EN EL BARRIO LOS EUCALIPTUS DE SOLANO -<\/title>\n<meta name=\"robots\" content=\"index, follow, max-snippet:-1, max-image-preview:large, max-video-preview:-1\" \/>\n<link rel=\"canonical\" href=\"https:\/\/angelgarcia.com.ar\/inicio\/2024\/08\/23\/en-el-descubrimiento-de-evita-en-el-barrio-los-eucaliptus-de-solano\/\" \/>\n<meta property=\"og:locale\" content=\"es_ES\" \/>\n<meta property=\"og:type\" content=\"article\" \/>\n<meta property=\"og:title\" content=\"EN EL DESCUBRIMIENTO DE EVITA EN EL BARRIO LOS EUCALIPTUS DE SOLANO -\" \/>\n<meta property=\"og:description\" content=\"Particip\u00e9 del Acto en la Plaza Ara General Belgrano, en el barrio Los Eucaliptus de San Francisco Solano, del descubrimiento del Busto de Mar\u00eda Eva Duarte de Per\u00f3n, para el Pueblo, simplemente EVITA. Organizado por hist\u00f3ricos militantes peronistas de la zona, varios de los participantes integrantes de&nbsp;@juntos.por.quilmes&nbsp;y la Comisi\u00f3n Permanente de Homenaje, en un d\u00eda [&hellip;]\" \/>\n<meta property=\"og:url\" content=\"https:\/\/angelgarcia.com.ar\/inicio\/2024\/08\/23\/en-el-descubrimiento-de-evita-en-el-barrio-los-eucaliptus-de-solano\/\" \/>\n<meta property=\"article:publisher\" content=\"https:\/\/www.facebook.com\/profile.php?id=100000035097426\" \/>\n<meta property=\"article:published_time\" content=\"2024-08-23T23:06:09+00:00\" \/>\n<meta property=\"article:modified_time\" content=\"2024-08-25T23:10:03+00:00\" \/>\n<meta property=\"og:image\" content=\"https:\/\/angelgarcia.com.ar\/inicio\/wp-content\/uploads\/2024\/08\/EVITA-BUSTO.jpg\" \/>\n\t<meta property=\"og:image:width\" content=\"1134\" \/>\n\t<meta property=\"og:image:height\" content=\"911\" \/>\n\t<meta property=\"og:image:type\" content=\"image\/jpeg\" \/>\n<meta name=\"author\" content=\"admin-vdb\" \/>\n<meta name=\"twitter:card\" content=\"summary_large_image\" \/>\n<meta name=\"twitter:creator\" content=\"@garciaangeld\" \/>\n<meta name=\"twitter:site\" content=\"@garciaangeld\" \/>\n<meta name=\"twitter:label1\" content=\"Escrito por\" \/>\n\t<meta name=\"twitter:data1\" content=\"admin-vdb\" \/>\n\t<meta name=\"twitter:label2\" content=\"Tiempo de lectura\" \/>\n\t<meta name=\"twitter:data2\" content=\"1 minuto\" \/>\n<script type=\"application\/ld+json\" class=\"yoast-schema-graph\">{\"@context\":\"https:\\\/\\\/schema.org\",\"@graph\":[{\"@type\":\"Article\",\"@id\":\"https:\\\/\\\/angelgarcia.com.ar\\\/inicio\\\/2024\\\/08\\\/23\\\/en-el-descubrimiento-de-evita-en-el-barrio-los-eucaliptus-de-solano\\\/#article\",\"isPartOf\":{\"@id\":\"https:\\\/\\\/angelgarcia.com.ar\\\/inicio\\\/2024\\\/08\\\/23\\\/en-el-descubrimiento-de-evita-en-el-barrio-los-eucaliptus-de-solano\\\/\"},\"author\":{\"name\":\"admin-vdb\",\"@id\":\"https:\\\/\\\/angelgarcia.com.ar\\\/inicio\\\/#\\\/schema\\\/person\\\/613913ca6876c719f22b4d8e0ac81600\"},\"headline\":\"EN EL DESCUBRIMIENTO DE EVITA EN EL BARRIO LOS EUCALIPTUS DE SOLANO\",\"datePublished\":\"2024-08-23T23:06:09+00:00\",\"dateModified\":\"2024-08-25T23:10:03+00:00\",\"mainEntityOfPage\":{\"@id\":\"https:\\\/\\\/angelgarcia.com.ar\\\/inicio\\\/2024\\\/08\\\/23\\\/en-el-descubrimiento-de-evita-en-el-barrio-los-eucaliptus-de-solano\\\/\"},\"wordCount\":108,\"commentCount\":0,\"image\":{\"@id\":\"https:\\\/\\\/angelgarcia.com.ar\\\/inicio\\\/2024\\\/08\\\/23\\\/en-el-descubrimiento-de-evita-en-el-barrio-los-eucaliptus-de-solano\\\/#primaryimage\"},\"thumbnailUrl\":\"https:\\\/\\\/angelgarcia.com.ar\\\/inicio\\\/wp-content\\\/uploads\\\/2024\\\/08\\\/EVITA-BUSTO.jpg\",\"articleSection\":[\"ACTIVIDAD\"],\"inLanguage\":\"es\",\"potentialAction\":[{\"@type\":\"CommentAction\",\"name\":\"Comment\",\"target\":[\"https:\\\/\\\/angelgarcia.com.ar\\\/inicio\\\/2024\\\/08\\\/23\\\/en-el-descubrimiento-de-evita-en-el-barrio-los-eucaliptus-de-solano\\\/#respond\"]}]},{\"@type\":\"WebPage\",\"@id\":\"https:\\\/\\\/angelgarcia.com.ar\\\/inicio\\\/2024\\\/08\\\/23\\\/en-el-descubrimiento-de-evita-en-el-barrio-los-eucaliptus-de-solano\\\/\",\"url\":\"https:\\\/\\\/angelgarcia.com.ar\\\/inicio\\\/2024\\\/08\\\/23\\\/en-el-descubrimiento-de-evita-en-el-barrio-los-eucaliptus-de-solano\\\/\",\"name\":\"EN EL DESCUBRIMIENTO DE EVITA EN EL BARRIO LOS EUCALIPTUS DE SOLANO -\",\"isPartOf\":{\"@id\":\"https:\\\/\\\/angelgarcia.com.ar\\\/inicio\\\/#website\"},\"primaryImageOfPage\":{\"@id\":\"https:\\\/\\\/angelgarcia.com.ar\\\/inicio\\\/2024\\\/08\\\/23\\\/en-el-descubrimiento-de-evita-en-el-barrio-los-eucaliptus-de-solano\\\/#primaryimage\"},\"image\":{\"@id\":\"https:\\\/\\\/angelgarcia.com.ar\\\/inicio\\\/2024\\\/08\\\/23\\\/en-el-descubrimiento-de-evita-en-el-barrio-los-eucaliptus-de-solano\\\/#primaryimage\"},\"thumbnailUrl\":\"https:\\\/\\\/angelgarcia.com.ar\\\/inicio\\\/wp-content\\\/uploads\\\/2024\\\/08\\\/EVITA-BUSTO.jpg\",\"datePublished\":\"2024-08-23T23:06:09+00:00\",\"dateModified\":\"2024-08-25T23:10:03+00:00\",\"author\":{\"@id\":\"https:\\\/\\\/angelgarcia.com.ar\\\/inicio\\\/#\\\/schema\\\/person\\\/613913ca6876c719f22b4d8e0ac81600\"},\"breadcrumb\":{\"@id\":\"https:\\\/\\\/angelgarcia.com.ar\\\/inicio\\\/2024\\\/08\\\/23\\\/en-el-descubrimiento-de-evita-en-el-barrio-los-eucaliptus-de-solano\\\/#breadcrumb\"},\"inLanguage\":\"es\",\"potentialAction\":[{\"@type\":\"ReadAction\",\"target\":[\"https:\\\/\\\/angelgarcia.com.ar\\\/inicio\\\/2024\\\/08\\\/23\\\/en-el-descubrimiento-de-evita-en-el-barrio-los-eucaliptus-de-solano\\\/\"]}]},{\"@type\":\"ImageObject\",\"inLanguage\":\"es\",\"@id\":\"https:\\\/\\\/angelgarcia.com.ar\\\/inicio\\\/2024\\\/08\\\/23\\\/en-el-descubrimiento-de-evita-en-el-barrio-los-eucaliptus-de-solano\\\/#primaryimage\",\"url\":\"https:\\\/\\\/angelgarcia.com.ar\\\/inicio\\\/wp-content\\\/uploads\\\/2024\\\/08\\\/EVITA-BUSTO.jpg\",\"contentUrl\":\"https:\\\/\\\/angelgarcia.com.ar\\\/inicio\\\/wp-content\\\/uploads\\\/2024\\\/08\\\/EVITA-BUSTO.jpg\",\"width\":1134,\"height\":911},{\"@type\":\"BreadcrumbList\",\"@id\":\"https:\\\/\\\/angelgarcia.com.ar\\\/inicio\\\/2024\\\/08\\\/23\\\/en-el-descubrimiento-de-evita-en-el-barrio-los-eucaliptus-de-solano\\\/#breadcrumb\",\"itemListElement\":[{\"@type\":\"ListItem\",\"position\":1,\"name\":\"Portada\",\"item\":\"https:\\\/\\\/angelgarcia.com.ar\\\/inicio\\\/\"},{\"@type\":\"ListItem\",\"position\":2,\"name\":\"EN EL DESCUBRIMIENTO DE EVITA EN EL BARRIO LOS EUCALIPTUS DE SOLANO\"}]},{\"@type\":\"WebSite\",\"@id\":\"https:\\\/\\\/angelgarcia.com.ar\\\/inicio\\\/#website\",\"url\":\"https:\\\/\\\/angelgarcia.com.ar\\\/inicio\\\/\",\"name\":\"\",\"description\":\"\",\"potentialAction\":[{\"@type\":\"SearchAction\",\"target\":{\"@type\":\"EntryPoint\",\"urlTemplate\":\"https:\\\/\\\/angelgarcia.com.ar\\\/inicio\\\/?s={search_term_string}\"},\"query-input\":{\"@type\":\"PropertyValueSpecification\",\"valueRequired\":true,\"valueName\":\"search_term_string\"}}],\"inLanguage\":\"es\"},{\"@type\":\"Person\",\"@id\":\"https:\\\/\\\/angelgarcia.com.ar\\\/inicio\\\/#\\\/schema\\\/person\\\/613913ca6876c719f22b4d8e0ac81600\",\"name\":\"admin-vdb\",\"image\":{\"@type\":\"ImageObject\",\"inLanguage\":\"es\",\"@id\":\"https:\\\/\\\/secure.gravatar.com\\\/avatar\\\/a3bc68f4d20ac4e6b7246c64d9145e8058210e47d2e69a742e867048c31c224f?s=96&d=mm&r=g\",\"url\":\"https:\\\/\\\/secure.gravatar.com\\\/avatar\\\/a3bc68f4d20ac4e6b7246c64d9145e8058210e47d2e69a742e867048c31c224f?s=96&d=mm&r=g\",\"contentUrl\":\"https:\\\/\\\/secure.gravatar.com\\\/avatar\\\/a3bc68f4d20ac4e6b7246c64d9145e8058210e47d2e69a742e867048c31c224f?s=96&d=mm&r=g\",\"caption\":\"admin-vdb\"},\"sameAs\":[\"https:\\\/\\\/angelgarcia.com.ar\\\/inicio\"],\"url\":\"https:\\\/\\\/angelgarcia.com.ar\\\/inicio\\\/author\\\/admin-vdb\\\/\"}]}<\/script>\n<!-- \/ Yoast SEO plugin. -->","yoast_head_json":{"title":"EN EL DESCUBRIMIENTO DE EVITA EN EL BARRIO LOS EUCALIPTUS DE SOLANO -","robots":{"index":"index","follow":"follow","max-snippet":"max-snippet:-1","max-image-preview":"max-image-preview:large","max-video-preview":"max-video-preview:-1"},"canonical":"https:\/\/angelgarcia.com.ar\/inicio\/2024\/08\/23\/en-el-descubrimiento-de-evita-en-el-barrio-los-eucaliptus-de-solano\/","og_locale":"es_ES","og_type":"article","og_title":"EN EL DESCUBRIMIENTO DE EVITA EN EL BARRIO LOS EUCALIPTUS DE SOLANO -","og_description":"Particip\u00e9 del Acto en la Plaza Ara General Belgrano, en el barrio Los Eucaliptus de San Francisco Solano, del descubrimiento del Busto de Mar\u00eda Eva Duarte de Per\u00f3n, para el Pueblo, simplemente EVITA. Organizado por hist\u00f3ricos militantes peronistas de la zona, varios de los participantes integrantes de&nbsp;@juntos.por.quilmes&nbsp;y la Comisi\u00f3n Permanente de Homenaje, en un d\u00eda [&hellip;]","og_url":"https:\/\/angelgarcia.com.ar\/inicio\/2024\/08\/23\/en-el-descubrimiento-de-evita-en-el-barrio-los-eucaliptus-de-solano\/","article_publisher":"https:\/\/www.facebook.com\/profile.php?id=100000035097426","article_published_time":"2024-08-23T23:06:09+00:00","article_modified_time":"2024-08-25T23:10:03+00:00","og_image":[{"width":1134,"height":911,"url":"https:\/\/angelgarcia.com.ar\/inicio\/wp-content\/uploads\/2024\/08\/EVITA-BUSTO.jpg","type":"image\/jpeg"}],"author":"admin-vdb","twitter_card":"summary_large_image","twitter_creator":"@garciaangeld","twitter_site":"@garciaangeld","twitter_misc":{"Escrito por":"admin-vdb","Tiempo de lectura":"1 minuto"},"schema":{"@context":"https:\/\/schema.org","@graph":[{"@type":"Article","@id":"https:\/\/angelgarcia.com.ar\/inicio\/2024\/08\/23\/en-el-descubrimiento-de-evita-en-el-barrio-los-eucaliptus-de-solano\/#article","isPartOf":{"@id":"https:\/\/angelgarcia.com.ar\/inicio\/2024\/08\/23\/en-el-descubrimiento-de-evita-en-el-barrio-los-eucaliptus-de-solano\/"},"author":{"name":"admin-vdb","@id":"https:\/\/angelgarcia.com.ar\/inicio\/#\/schema\/person\/613913ca6876c719f22b4d8e0ac81600"},"headline":"EN EL DESCUBRIMIENTO DE EVITA EN EL BARRIO LOS EUCALIPTUS DE SOLANO","datePublished":"2024-08-23T23:06:09+00:00","dateModified":"2024-08-25T23:10:03+00:00","mainEntityOfPage":{"@id":"https:\/\/angelgarcia.com.ar\/inicio\/2024\/08\/23\/en-el-descubrimiento-de-evita-en-el-barrio-los-eucaliptus-de-solano\/"},"wordCount":108,"commentCount":0,"image":{"@id":"https:\/\/angelgarcia.com.ar\/inicio\/2024\/08\/23\/en-el-descubrimiento-de-evita-en-el-barrio-los-eucaliptus-de-solano\/#primaryimage"},"thumbnailUrl":"https:\/\/angelgarcia.com.ar\/inicio\/wp-content\/uploads\/2024\/08\/EVITA-BUSTO.jpg","articleSection":["ACTIVIDAD"],"inLanguage":"es","potentialAction":[{"@type":"CommentAction","name":"Comment","target":["https:\/\/angelgarcia.com.ar\/inicio\/2024\/08\/23\/en-el-descubrimiento-de-evita-en-el-barrio-los-eucaliptus-de-solano\/#respond"]}]},{"@type":"WebPage","@id":"https:\/\/angelgarcia.com.ar\/inicio\/2024\/08\/23\/en-el-descubrimiento-de-evita-en-el-barrio-los-eucaliptus-de-solano\/","url":"https:\/\/angelgarcia.com.ar\/inicio\/2024\/08\/23\/en-el-descubrimiento-de-evita-en-el-barrio-los-eucaliptus-de-solano\/","name":"EN EL DESCUBRIMIENTO DE EVITA EN EL BARRIO LOS EUCALIPTUS DE SOLANO -","isPartOf":{"@id":"https:\/\/angelgarcia.com.ar\/inicio\/#website"},"primaryImageOfPage":{"@id":"https:\/\/angelgarcia.com.ar\/inicio\/2024\/08\/23\/en-el-descubrimiento-de-evita-en-el-barrio-los-eucaliptus-de-solano\/#primaryimage"},"image":{"@id":"https:\/\/angelgarcia.com.ar\/inicio\/2024\/08\/23\/en-el-descubrimiento-de-evita-en-el-barrio-los-eucaliptus-de-solano\/#primaryimage"},"thumbnailUrl":"https:\/\/angelgarcia.com.ar\/inicio\/wp-content\/uploads\/2024\/08\/EVITA-BUSTO.jpg","datePublished":"2024-08-23T23:06:09+00:00","dateModified":"2024-08-25T23:10:03+00:00","author":{"@id":"https:\/\/angelgarcia.com.ar\/inicio\/#\/schema\/person\/613913ca6876c719f22b4d8e0ac81600"},"breadcrumb":{"@id":"https:\/\/angelgarcia.com.ar\/inicio\/2024\/08\/23\/en-el-descubrimiento-de-evita-en-el-barrio-los-eucaliptus-de-solano\/#breadcrumb"},"inLanguage":"es","potentialAction":[{"@type":"ReadAction","target":["https:\/\/angelgarcia.com.ar\/inicio\/2024\/08\/23\/en-el-descubrimiento-de-evita-en-el-barrio-los-eucaliptus-de-solano\/"]}]},{"@type":"ImageObject","inLanguage":"es","@id":"https:\/\/angelgarcia.com.ar\/inicio\/2024\/08\/23\/en-el-descubrimiento-de-evita-en-el-barrio-los-eucaliptus-de-solano\/#primaryimage","url":"https:\/\/angelgarcia.com.ar\/inicio\/wp-content\/uploads\/2024\/08\/EVITA-BUSTO.jpg","contentUrl":"https:\/\/angelgarcia.com.ar\/inicio\/wp-content\/uploads\/2024\/08\/EVITA-BUSTO.jpg","width":1134,"height":911},{"@type":"BreadcrumbList","@id":"https:\/\/angelgarcia.com.ar\/inicio\/2024\/08\/23\/en-el-descubrimiento-de-evita-en-el-barrio-los-eucaliptus-de-solano\/#breadcrumb","itemListElement":[{"@type":"ListItem","position":1,"name":"Portada","item":"https:\/\/angelgarcia.com.ar\/inicio\/"},{"@type":"ListItem","position":2,"name":"EN EL DESCUBRIMIENTO DE EVITA EN EL BARRIO LOS EUCALIPTUS DE SOLANO"}]},{"@type":"WebSite","@id":"https:\/\/angelgarcia.com.ar\/inicio\/#website","url":"https:\/\/angelgarcia.com.ar\/inicio\/","name":"","description":"","potentialAction":[{"@type":"SearchAction","target":{"@type":"EntryPoint","urlTemplate":"https:\/\/angelgarcia.com.ar\/inicio\/?s={search_term_string}"},"query-input":{"@type":"PropertyValueSpecification","valueRequired":true,"valueName":"search_term_string"}}],"inLanguage":"es"},{"@type":"Person","@id":"https:\/\/angelgarcia.com.ar\/inicio\/#\/schema\/person\/613913ca6876c719f22b4d8e0ac81600","name":"admin-vdb","image":{"@type":"ImageObject","inLanguage":"es","@id":"https:\/\/secure.gravatar.com\/avatar\/a3bc68f4d20ac4e6b7246c64d9145e8058210e47d2e69a742e867048c31c224f?s=96&d=mm&r=g","url":"https:\/\/secure.gravatar.com\/avatar\/a3bc68f4d20ac4e6b7246c64d9145e8058210e47d2e69a742e867048c31c224f?s=96&d=mm&r=g","contentUrl":"https:\/\/secure.gravatar.com\/avatar\/a3bc68f4d20ac4e6b7246c64d9145e8058210e47d2e69a742e867048c31c224f?s=96&d=mm&r=g","caption":"admin-vdb"},"sameAs":["https:\/\/angelgarcia.com.ar\/inicio"],"url":"https:\/\/angelgarcia.com.ar\/inicio\/author\/admin-vdb\/"}]}},"_links":{"self":[{"href":"https:\/\/angelgarcia.com.ar\/inicio\/wp-json\/wp\/v2\/posts\/1470","targetHints":{"allow":["GET"]}}],"collection":[{"href":"https:\/\/angelgarcia.com.ar\/inicio\/wp-json\/wp\/v2\/posts"}],"about":[{"href":"https:\/\/angelgarcia.com.ar\/inicio\/wp-json\/wp\/v2\/types\/post"}],"author":[{"embeddable":true,"href":"https:\/\/angelgarcia.com.ar\/inicio\/wp-json\/wp\/v2\/users\/1"}],"replies":[{"embeddable":true,"href":"https:\/\/angelgarcia.com.ar\/inicio\/wp-json\/wp\/v2\/comments?post=1470"}],"version-history":[{"count":1,"href":"https:\/\/angelgarcia.com.ar\/inicio\/wp-json\/wp\/v2\/posts\/1470\/revisions"}],"predecessor-version":[{"id":1472,"href":"https:\/\/angelgarcia.com.ar\/inicio\/wp-json\/wp\/v2\/posts\/1470\/revisions\/1472"}],"wp:featuredmedia":[{"embeddable":true,"href":"https:\/\/angelgarcia.com.ar\/inicio\/wp-json\/wp\/v2\/media\/1471"}],"wp:attachment":[{"href":"https:\/\/angelgarcia.com.ar\/inicio\/wp-json\/wp\/v2\/media?parent=1470"}],"wp:term":[{"taxonomy":"category","embeddable":true,"href":"https:\/\/angelgarcia.com.ar\/inicio\/wp-json\/wp\/v2\/categories?post=1470"},{"taxonomy":"post_tag","embeddable":true,"href":"https:\/\/angelgarcia.com.ar\/inicio\/wp-json\/wp\/v2\/tags?post=1470"}],"curies":[{"name":"wp","href":"https:\/\/api.w.org\/{rel}","templated":true}]}}